{"id":42,"count":5,"description":"<section style=\"background: #ffffff;color: #000000;max-width: 980px;margin: 0 auto;padding: 22px 16px;border-radius: 14px\">\r\n<h2 style=\"margin: 0 0 10px 0;color: #00a19b;font-family: Montserrat,Arial,sans-serif;line-height: 1.25;font-size: 28px\">Actualit\u00e9s du CBD \u2013 March\u00e9, r\u00e9glementation &amp; tendances en Suisse et en Europe<\/h2>\r\n<!-- EXCERPT SEO (visible + snippet Google) -->\r\n<p style=\"margin: 0 0 12px 0;color: #000000;font-family: Poppins,Arial,sans-serif;line-height: 1.75;font-size: 16px\">Retrouvez toute l\u2019<strong>actualit\u00e9 du CBD<\/strong> : \u00e9volutions du march\u00e9,\r\nchangements r\u00e9glementaires, nouvelles tendances et informations cl\u00e9s\r\nautour du <strong>CBD en Suisse<\/strong> et en Europe.\r\nUne veille claire, factuelle et accessible.<\/p>\r\n\r\n<ul style=\"margin: 0 0 14px 18px;padding: 0;color: #000000;font-family: Poppins,Arial,sans-serif;line-height: 1.75;font-size: 15px\">\r\n \t<li>\ud83d\udcf0 Actualit\u00e9s CBD &amp; chanvre<\/li>\r\n \t<li>\u2696\ufe0f R\u00e9glementation Suisse &amp; Europe<\/li>\r\n \t<li>\ud83d\udcca \u00c9volution du march\u00e9 &amp; tendances<\/li>\r\n \t<li>\ud83d\udd0d Infos v\u00e9rifi\u00e9es &amp; mises \u00e0 jour r\u00e9guli\u00e8res<\/li>\r\n<\/ul>\r\n<!-- LIRE PLUS -->\r\n\r\n<details style=\"border-radius: 14px;padding: 12px 14px;margin-top: 10px\"><summary style=\"cursor: pointer;color: #00a19b;font-family: Montserrat,Arial,sans-serif;font-weight: bold;font-size: 16px\">Lesen Sie mehr<\/summary>\r\n<div style=\"margin-top: 12px\">\r\n<h3 style=\"margin: 14px 0 8px 0;color: #00a19b;font-family: Montserrat,Arial,sans-serif;font-size: 20px\">Pourquoi suivre l\u2019actualit\u00e9 du CBD ?<\/h3>\r\n<p style=\"margin: 0 0 10px 0;color: #000000;font-family: Poppins,Arial,sans-serif;line-height: 1.75;font-size: 16px\">Le secteur du CBD \u00e9volue rapidement : lois, d\u00e9cisions judiciaires,\r\npratiques commerciales et innovations peuvent impacter\r\nconsommateurs comme professionnels.\r\nCette cat\u00e9gorie vous aide \u00e0 <strong>comprendre ce qui change<\/strong> et pourquoi.<\/p>\r\n\r\n<h3 style=\"margin: 14px 0 8px 0;color: #00a19b;font-family: Montserrat,Arial,sans-serif;font-size: 20px\">Quels sujets sont abord\u00e9s ?<\/h3>\r\n<ul style=\"margin: 0 0 10px 18px;padding: 0;color: #000000;font-family: Poppins,Arial,sans-serif;line-height: 1.75;font-size: 16px\">\r\n \t<li>Nouvelles lois et d\u00e9cisions autour du CBD<\/li>\r\n \t<li>\u00c9volutions du march\u00e9 suisse et europ\u00e9en<\/li>\r\n \t<li>Encadrement des produits CBD<\/li>\r\n \t<li>Actualit\u00e9s professionnelles et sectorielles<\/li>\r\n<\/ul>\r\n<!-- FAQ (CACH\u00c9E) -->\r\n<h3 style=\"margin: 18px 0 8px 0;color: #00a19b;font-family: Montserrat,Arial,sans-serif;font-size: 20px\">FAQ \u2013 Actualit\u00e9s du CBD<\/h3>\r\n<details style=\"border-radius: 12px;padding: 10px 12px;margin: 10px 0\"><summary style=\"cursor: pointer;color: #00a19b;font-family: Montserrat,Arial,sans-serif;font-weight: bold;font-size: 15px\">Les informations publi\u00e9es sont-elles \u00e0 jour ?<\/summary>\r\n<p style=\"margin: 10px 0 0 0;color: #000000;font-family: Poppins,Arial,sans-serif;line-height: 1.75;font-size: 15px\">Oui. Les articles sont r\u00e9dig\u00e9s et mis \u00e0 jour en fonction des derni\u00e8res\r\ninformations disponibles, avec une attention particuli\u00e8re port\u00e9e \u00e0 la fiabilit\u00e9.<\/p>\r\n\r\n<\/details><details style=\"border-radius: 12px;padding: 10px 12px;margin: 10px 0\"><summary style=\"cursor: pointer;color: #00a19b;font-family: Montserrat,Arial,sans-serif;font-weight: bold;font-size: 15px\">Cette cat\u00e9gorie concerne-t-elle uniquement la Suisse ?<\/summary>\r\n<p style=\"margin: 10px 0 0 0;color: #000000;font-family: Poppins,Arial,sans-serif;line-height: 1.75;font-size: 15px\">La priorit\u00e9 est donn\u00e9e \u00e0 la Suisse, mais les actualit\u00e9s europ\u00e9ennes\r\nayant un impact sur le march\u00e9 suisse sont \u00e9galement abord\u00e9es.<\/p>\r\n\r\n<\/details><details style=\"border-radius: 12px;padding: 10px 12px;margin: 10px 0\"><summary style=\"cursor: pointer;color: #00a19b;font-family: Montserrat,Arial,sans-serif;font-weight: bold;font-size: 15px\">\u00c0 qui s\u2019adresse cette cat\u00e9gorie ?<\/summary>\r\n<p style=\"margin: 10px 0 0 0;color: #000000;font-family: Poppins,Arial,sans-serif;line-height: 1.75;font-size: 15px\">Elle s\u2019adresse aussi bien aux consommateurs qu\u2019aux professionnels\r\nsouhaitant suivre l\u2019\u00e9volution du secteur CBD.<\/p>\r\n\r\n<\/details><\/div>\r\n<\/details><\/section>","link":"https:\/\/nolyshop.ch\/de\/category\/actualites-cbd\/","name":"CBD-Nachrichten","slug":"cbd-nachrichten","taxonomy":"category","parent":0,"meta":[],"_links":{"self":[{"href":"https:\/\/nolyshop.ch\/de\/wp-json\/wp\/v2\/categories\/42","targetHints":{"allow":["GET"]}}],"collection":[{"href":"https:\/\/nolyshop.ch\/de\/wp-json\/wp\/v2\/categories"}],"about":[{"href":"https:\/\/nolyshop.ch\/de\/wp-json\/wp\/v2\/taxonomies\/category"}],"wp:post_type":[{"href":"https:\/\/nolyshop.ch\/de\/wp-json\/wp\/v2\/posts?categories=42"}],"curies":[{"name":"wp","href":"https:\/\/api.w.org\/{rel}","templated":true}]}}